[{"@context":"https:\/\/schema.org\/","@type":"Article","@id":"https:\/\/www.octave.cz\/tridni-sasek\/#Article","mainEntityOfPage":"https:\/\/www.octave.cz\/tridni-sasek\/","headline":"T\u0159\u00eddn\u00ed \u0161a\u0161ek","name":"T\u0159\u00eddn\u00ed \u0161a\u0161ek","description":"Na z\u00e1kladn\u00ed \u0161kole to nebyla v\u016fbec moc dobr\u00e1 spole\u010dnost. Byla jsem toti\u017e takov\u00fd outsider. Alespo\u0148 j\u00e1 jsem si to tak myslela. Proto\u017ee na z\u00e1kladn\u00ed \u0161kole","datePublished":"2022-04-17","dateModified":"2023-05-01","author":{"@type":"Person","@id":"https:\/\/www.octave.cz\/author\/#Person","name":"","url":"https:\/\/www.octave.cz\/author\/","identifier":1,"image":{"@type":"ImageObject","@id":"https:\/\/secure.gravatar.com\/avatar\/1aa4d33840e2afc29128e2a456d425ca0d17b173c888af2db652b1d34fe6f93d?s=96&d=mm&r=g","url":"https:\/\/secure.gravatar.com\/avatar\/1aa4d33840e2afc29128e2a456d425ca0d17b173c888af2db652b1d34fe6f93d?s=96&d=mm&r=g","height":96,"width":96}},"publisher":{"@type":"Organization","name":"octave.cz","logo":{"@type":"ImageObject","@id":"\/logo.png","url":"\/logo.png","width":600,"height":60}},"image":{"@type":"ImageObject","@id":"https:\/\/www.octave.cz\/wp-content\/uploads\/ch%C5%AFze%20se%20psem_1.JPG","url":"https:\/\/www.octave.cz\/wp-content\/uploads\/ch%C5%AFze%20se%20psem_1.JPG","height":0,"width":0},"url":"https:\/\/www.octave.cz\/tridni-sasek\/","about":["Spole\u010dnost"],"wordCount":424,"articleBody":"Na z\u00e1kladn\u00ed \u0161kole to nebyla v\u016fbec moc dobr\u00e1 spole\u010dnost. Byla jsem toti\u017e takov\u00fd outsider. Alespo\u0148 j\u00e1 jsem si to tak myslela. Proto\u017ee na z\u00e1kladn\u00ed \u0161kole jsem nem\u011bla v\u016fbec \u017e\u00e1dn\u00e9 kamar\u00e1dky a ani kamar\u00e1dy. V\u016fbec ale nev\u00edm, \u010d\u00edm jsem si to zaslou\u017eila. J\u00e1 jsem toti\u017e odmali\u010dka byla \u00fapln\u011b nekonfliktn\u00ed a velmi mil\u00fd a p\u0159\u00e1telsk\u00fd \u010dlov\u011bk. Tud\u00ed\u017e v\u016fbec nev\u00edm, pro\u010d mi nikdo nem\u011bl r\u00e1d. A\u017e pozd\u011bji jsem se dozv\u011bd\u011bla, \u017ee pr\u00e1v\u011b kv\u016fli tomu, \u017ee jsem byla hodn\u00e1, jsem nem\u011bla \u017e\u00e1dn\u00e9 kamar\u00e1dky, ale abych pravdu \u0159ekla, tak n\u011bco zp\u011btn\u011b si opravdu vybavuji. Mus\u00edm \u0159\u00edct, \u017ee \u010d\u00edm zlobiv\u011bj\u0161\u00ed holka nebo kluk, tak t\u00edm v\u00edc byl ve \u0161kole obl\u00edben\u00fd. Docela m\u011b to mrzelo a nyn\u00ed m\u011b to zasko\u010dilo. Ale kdy\u017e to na druhou stranu vezmu, tak je to vlastn\u011b i pravda. To i v dne\u0161n\u00ed dob\u011b. Proto\u017ee si pamatuji na sv\u00e9ho mlad\u0161\u00edho bratra. M\u016fj bratr byl ve \u0161kole hodn\u011b obl\u00edben\u00fd.Byl toti\u017e v takov\u00e9 spole\u010dnosti, kter\u00e1 vy\u017eaduje n\u011bjak\u00e9ho t\u0159\u00eddn\u00edho \u0161a\u0161ka. A m\u016fj bratr pr\u00e1v\u011b t\u00e9to spole\u010dnosti vyhov\u011bl. Proto\u017ee na z\u00e1kladn\u00ed \u0161kole byl bratr \u0161a\u0161ek, ale taky byl premiant, tak byl mezi d\u011btmi velmi obl\u00edben\u00fd, a to nejenom v jeho t\u0159\u00edd\u011b. M\u016fj bratr byl obl\u00edben\u00fd taky v cel\u00e9 \u0161kole. Mus\u00edm \u0159\u00edct, \u017ee m\u016fj mlad\u0161\u00ed bratr si tuto spole\u010dnost u\u017e\u00edv\u00e1. Akor\u00e1t kdo si tuto spole\u010dnost a jeho kamar\u00e1di neu\u017e\u00edvali, byli u\u010ditel\u00e9. A i kdy\u017e m\u011bl bratr dvakr\u00e1t dvojku z chov\u00e1n\u00ed, tak ho to v\u016fbec neodradilo. M\u00ed rodi\u010de se s n\u00edm nev\u011bd\u011bli v\u016fbec skoro rady. A m\u011bl jednu \u0159editelskou d\u016ftku a asi p\u011bt t\u0159\u00eddn\u00edch d\u016ftek. Ale abych pravdu \u0159ekla, m\u016fj bratr si s n\u00edm v\u016fbec \u017e\u00e1dnou t\u011b\u017ekou hlavu ned\u011blal. Mo\u017en\u00e1 mu to u\u010ditel\u00e9 a rodi\u010de to p\u0159ehl\u00ed\u017eeli kv\u016fli tomu, \u017ee m\u011bl sam\u00e9 jedni\u010dky a dvojky. M\u016fj bratr byl velmi chytr\u00fd, ale bavil ho b\u00fdt st\u0159edem pozornosti ve \u0161kole. A mysl\u00edm si, \u017ee se mu to ale vyplnilo. Proto\u017ee i nyn\u00ed v dosp\u011blosti, kde je otec, je velmi obl\u00edben\u00fd. N\u011bkdo to\u00a0holt\u00a0s lidmi zrovna p\u011bkn\u011b um\u00ed.                                                                                                                                                                                                                                                                                                                                                                                                "},{"@context":"https:\/\/schema.org\/","@type":"BreadcrumbList","itemListElement":[{"@type":"ListItem","position":1,"name":"T\u0159\u00eddn\u00ed \u0161a\u0161ek","item":"https:\/\/www.octave.cz\/tridni-sasek\/#breadcrumbitem"}]}]