[{"@context":"https:\/\/schema.org\/","@type":"Article","@id":"https:\/\/www.octave.cz\/jak-dobre-vyladit-interier\/#Article","mainEntityOfPage":"https:\/\/www.octave.cz\/jak-dobre-vyladit-interier\/","headline":"Jak dob\u0159e vyladit interi\u00e9r?","name":"Jak dob\u0159e vyladit interi\u00e9r?","description":"Pro za\u010d\u00e1tek si v\u017edy mus\u00edme ujasnit co od samotn\u00e9ho interi\u00e9ru a jeho vybaven\u00ed vlastn\u011b \u010dek\u00e1me. Ka\u017ed\u00fd z n\u00e1s je jin\u00fd a ka\u017ed\u00fd prostor, kter\u00fd za\u0159izujete,","datePublished":"2025-03-06","dateModified":"2023-05-01","author":{"@type":"Person","@id":"https:\/\/www.octave.cz\/author\/#Person","name":"","url":"https:\/\/www.octave.cz\/author\/","identifier":1,"image":{"@type":"ImageObject","@id":"https:\/\/secure.gravatar.com\/avatar\/1aa4d33840e2afc29128e2a456d425ca0d17b173c888af2db652b1d34fe6f93d?s=96&d=mm&r=g","url":"https:\/\/secure.gravatar.com\/avatar\/1aa4d33840e2afc29128e2a456d425ca0d17b173c888af2db652b1d34fe6f93d?s=96&d=mm&r=g","height":96,"width":96}},"publisher":{"@type":"Organization","name":"octave.cz","logo":{"@type":"ImageObject","@id":"\/logo.png","url":"\/logo.png","width":600,"height":60}},"image":{"@type":"ImageObject","@id":"https:\/\/www.octave.cz\/wp-content\/uploads\/img_a290727_w2229_t1503413610.jpg","url":"https:\/\/www.octave.cz\/wp-content\/uploads\/img_a290727_w2229_t1503413610.jpg","height":0,"width":0},"url":"https:\/\/www.octave.cz\/jak-dobre-vyladit-interier\/","wordCount":633,"articleBody":"Pro za\u010d\u00e1tek si v\u017edy mus\u00edme ujasnit co od samotn\u00e9ho interi\u00e9ru a jeho vybaven\u00ed vlastn\u011b \u010dek\u00e1me. Ka\u017ed\u00fd z n\u00e1s je jin\u00fd a ka\u017ed\u00fd prostor, kter\u00fd za\u0159izujete, chce n\u011bco jin\u00e9ho. Obvykle n\u00e1m jde o vzdu\u0161nost, p\u0159\u00edjemnost, barevnou vylad\u011bnost a prakti\u010dnost. Ale p\u011bknou roubenku p\u0159eci neza\u0159\u00edd\u00edte v industri\u00e1ln\u00edm stylu, i kdy\u017e se v\u00e1m l\u00edb\u00ed. Ne v\u0161e pasuje dohromady a mus\u00edme dob\u0159e rozm\u00fd\u0161let, v \u010dem vlastn\u011b chceme \u017e\u00edt.\u00a0\tJAK ZA\u010c\u00cdTPokud jste n\u011bkdo, kdo v\u00ed, \u017ee pro to nem\u00e1 zrovna cit, nen\u00ed za co se styd\u011bt. V tomto p\u0159\u00edpad\u011b existuje n\u011bkolik mo\u017enost\u00ed.\t\tShowroom \u2013 tady si m\u016f\u017eete sami vyzkou\u0161et, jak byste v\u0161e v dan\u00e9m prostoru uspo\u0159\u00e1dali\t\tProgramy \u2013 je plno online program\u016f, kde si navrhnete p\u0159\u00edmo cel\u00fd interi\u00e9r, kter\u00fd se v\u00e1m n\u00e1sledn\u011b uk\u00e1\u017ee ve 3D (obvykle od velk\u00fdch spole\u010dnost\u00ed n\u00e1bytku, koupelen, barev,\u2026)\t\tDesign\u00e9r \u2013 pokud chcete m\u00edt \u00faplnou jistotu, \u017ee v\u0161e bude podle va\u0161ich p\u0159edstav, m\u016f\u017eete vyu\u017e\u00edt slu\u017eby n\u011bkter\u00e9ho z design\u00e9r\u016f, kte\u0159\u00ed v\u0161e vytvo\u0159\u00ed dle va\u0161ich pocit\u016f a p\u0159edstav\u00a0\tNA CO POZORJestli\u017ee se do zkr\u00e1\u0161len\u00ed interi\u00e9ru pou\u0161t\u00edte sami, dejte si pozor na n\u011bkolik v\u011bc\u00ed.\u00a0Pokud jde o barvy, mus\u00edte si d\u00e1t pozor, aby se v interi\u00e9ru zbyte\u010dn\u011b nep\u0159eb\u00edjeli anebo naopak, aby interi\u00e9r nebyl p\u0159i st\u0159\u00edzliv\u00e9m pou\u017eit\u00ed barev p\u0159\u00edli\u0161 mdl\u00fd. Ne ka\u017ed\u00e1 barva je kombinovateln\u00e1 s ostatn\u00edmi, proto je dobr\u00e9 se u prodejc\u016f barev p\u0159\u00edmo doptat na speci\u00e1ln\u00ed vzorn\u00edky, kter\u00e9 v\u00e1m p\u0159\u00edpadnou kombinovatelnost (kter\u00e1 lahod\u00ed oku) uk\u00e1\u017eou. A pokud jste milovn\u00edky v\u00fdrazn\u00fdch barev, m\u011bjte na pam\u011bti, \u017ee m\u00e9n\u011b je mnohem v\u00edce.Promyslete si tedy nap\u0159\u00edklad, co za barvu na st\u011bny, podlahu, jakou barvu bude m\u00edt n\u00e1bytek, sv\u011btla, dve\u0159e\u2026 Na to v\u0161e je pot\u0159eba myslet. Ka\u017ed\u00fd detail d\u011bl\u00e1 dohromady celek.\u00a0Stejn\u011b tak je pot\u0159eba si d\u00e1vat pozor v p\u0159\u00edpad\u011b, \u017ee propojujete n\u011bjak\u00e9 m\u00edstnosti. Nej\u010dast\u011bji jde o ob\u00fdvac\u00ed pokoj s j\u00eddelnou a kuchyn\u00ed. Nesm\u00edte zapomenout, \u017ee a\u010dkoli jde o rozd\u00edln\u00e9 prostory, kter\u00e9 je dobr\u00e9 funk\u010dn\u011b a i stylisticky od\u010dlenit, jako celek by v\u0161e m\u011blo p\u016fsobit kompaktn\u011b. Ned\u011blejte ka\u017edou \u010d\u00e1st jinou barvou, jin\u00e9 podlahy apod. To jsou pr\u00e1v\u011b ty v\u011bci, d\u00edky kter\u00fdm to v\u0161e propoj\u00edte a z\u00e1rove\u0148 po\u0159\u00edzen\u00fdm n\u00e1bytkem a jeho stylem v\u0161e m\u016f\u017eete odd\u011blit.\u00a0\u00a0Pokud chcete vzdu\u0161n\u00e9 a p\u0159\u00edjemn\u00e9 bydlen\u00ed soust\u0159e\u010fte se na jeho jednoduchost. Pokud celou m\u00edstnost zapln\u00edte nejr\u016fzn\u011bj\u0161\u00edm n\u00e1bytkem, t\u011b\u017eko se v\u00e1m toho doc\u00edl\u00ed. Opticky si ji celou zmen\u0161\u00edte a budete se tak i c\u00edtit, pokud v n\u00ed budete. U\u017e jsou d\u00e1vno pass\u00e9 ve\u0161ker\u00e9 viditeln\u00e9 komody a vitr\u00ednky s tal\u00ed\u0159ky a hrn\u00ed\u010dky. Vsa\u010fte na jednoduchost a soulad. Ide\u00e1ln\u00ed jsou \u201cskryt\u00e9\u201c \u00falo\u017en\u00e9 prostory, kter\u00e9 nikterak nenaru\u0161uj\u00ed interi\u00e9r.\u00a0Celkov\u011b byste v interi\u00e9ru nem\u011bli opom\u00ednat na kvalitn\u00ed materi\u00e1ly \u2013 p\u0159eci jen tyto prostory budeme u\u017e\u00edvat do\u017eivotn\u011b a m\u011bly by n\u011bco vydr\u017eet. Pokud na to nem\u00e1te finance hned vy\u010dlen\u011bn\u00e9, je lep\u0161\u00ed vydr\u017eet, na\u0161et\u0159it a koupit si n\u011bco co n\u00e1m vydr\u017e\u00ed \u2013 a\u0165 u\u017e jde o kuchy\u0148sk\u00fd kout, j\u00eddelnu, ob\u00fdvac\u00ed pokoj nebo koupelnu.                                                                                                                                                                                                                                                                                                                                                                                                "},{"@context":"https:\/\/schema.org\/","@type":"BreadcrumbList","itemListElement":[{"@type":"ListItem","position":1,"name":"Jak dob\u0159e vyladit interi\u00e9r?","item":"https:\/\/www.octave.cz\/jak-dobre-vyladit-interier\/#breadcrumbitem"}]}]